{"id":979,"date":"2026-03-06T08:09:14","date_gmt":"2026-03-06T08:09:14","guid":{"rendered":"https:\/\/josvainiuparapija.lt\/?p=979"},"modified":"2026-03-11T09:59:50","modified_gmt":"2026-03-11T09:59:50","slug":"kovo-menesio-ypatingesnes-progos","status":"publish","type":"post","link":"https:\/\/josvainiuparapija.lt\/?p=979","title":{"rendered":"Kovo m\u0117nesio ypatingesn\u0117s progos"},"content":{"rendered":"\n<p>Ba\u017eny\u010dia kvie\u010dia laikytis Gav\u0117nios rimties, pasninko, pasiruo\u0161ti dvasiniam atgimimui, \u012f kur\u012f veda Velyk\u0173 \u0161vent\u0117s. \u0160iais metais Gav\u0117nios laikas apima vis\u0105 kovo m\u0117nes\u012f, kurio metu numatomas ne vienas \u012fvykis. <\/p>\n\n\n\n<p>Kovo 11-\u0105j\u0105, tre\u010diadien\u012f, mald\u0173 u\u017e \u0161al\u012f ba\u017eny\u010dioje neu\u017epra\u0161yta. Meld\u017eiam\u0117s savo nuo\u017ei\u016bra priva\u010diai. <\/p>\n\n\n\n<p>Kovo 12 d., 11 val., &#8211; talka inkil\u0173 darymui ir i\u0161k\u0117limui. Bus panaudoti 8 mediniai vargon\u0173 bosiniai vamzd\u017eiai, atlik\u0119 nuo i\u0161montuot\u0173 bever\u010di\u0173 vargon\u0173 vienoje Kauno ba\u017eny\u010di\u0173. Juos pakeit\u0117 kokybi\u0161ki vargonai. <\/p>\n\n\n\n<p>Kovo 13 d. K\u0117daini\u0173 dekanato piligrimyst\u0117 \u012f \u0160iluv\u0105, dekanato kunigai patarnaus koply\u010dioje ir bazilikoje. \u0160v. Mi\u0161ios 9 val. &#8211; koply\u010dioje, 10 val. &#8211; bazilikoje, 12 val. bazilikoje. <\/p>\n\n\n\n<p>Kovo 13-14 d. velionio popie\u017eiaus Pranci\u0161kaus paskelbta metin\u0117 adoracijos ir mald\u0173 diena. D\u0117l \u0161al\u010dio ba\u017eny\u010dioje adoracija vyks sutrumpintai kovo 14 d., \u0161e\u0161tadien\u012f, nuo 10 iki 18 val.<\/p>\n\n\n\n<p>Kovo 19 d. &#8211; \u0161v. Juozapo i\u0161kilm\u0117 ir Kauno arkivyskupijos \u012fsteigimo 100-me\u010dio min\u0117jimas K\u0117dainiuose. 18 val. i\u0161kilmingos \u0161v. Mi\u0161ios su vysk. Sauliumi Bu\u017eausku ir K\u0117daini\u0173 dekanato kunigais.<\/p>\n\n\n\n<p>Kovo 22 d. 11 val. \u0161v. Mi\u0161iose Gav\u0117nios rekolekcijos, kurias praves kun. dr. N. Vy\u0161iniauskas, Kavarsko klebonas. Galimyb\u0117 atlikti velykin\u0119 i\u0161pa\u017eint\u012f.<\/p>\n\n\n\n<p>Kovo 25 d , tre\u010diadien\u012f, prie\u0161velykinis klebono apsilankymas Josvaini\u0173 seneli\u0173 namuose. \u0160v. Mi\u0161ios seneliams 11 val.<\/p>\n","protected":false},"excerpt":{"rendered":"<p>Ba\u017eny\u010dia kvie\u010dia laikytis Gav\u0117nios rimties, pasninko, pasiruo\u0161ti dvasiniam atgimimui, \u012f kur\u012f veda Velyk\u0173 \u0161vent\u0117s.<span class=\"more-dots\">&#8230;<\/span><\/p>\n","protected":false},"author":1,"featured_media":0,"comment_status":"open","ping_status":"open","sticky":false,"template":"","format":"standard","meta":{"footnotes":""},"categories":[1],"tags":[],"class_list":["post-979","post","type-post","status-publish","format-standard","hentry","category-blog","no-post-thumbnail"],"_links":{"self":[{"href":"https:\/\/josvainiuparapija.lt\/index.php?rest_route=\/wp\/v2\/posts\/979","targetHints":{"allow":["GET"]}}],"collection":[{"href":"https:\/\/josvainiuparapija.lt\/index.php?rest_route=\/wp\/v2\/posts"}],"about":[{"href":"https:\/\/josvainiuparapija.lt\/index.php?rest_route=\/wp\/v2\/types\/post"}],"author":[{"embeddable":true,"href":"https:\/\/josvainiuparapija.lt\/index.php?rest_route=\/wp\/v2\/users\/1"}],"replies":[{"embeddable":true,"href":"https:\/\/josvainiuparapija.lt\/index.php?rest_route=%2Fwp%2Fv2%2Fcomments&post=979"}],"version-history":[{"count":7,"href":"https:\/\/josvainiuparapija.lt\/index.php?rest_route=\/wp\/v2\/posts\/979\/revisions"}],"predecessor-version":[{"id":991,"href":"https:\/\/josvainiuparapija.lt\/index.php?rest_route=\/wp\/v2\/posts\/979\/revisions\/991"}],"wp:attachment":[{"href":"https:\/\/josvainiuparapija.lt\/index.php?rest_route=%2Fwp%2Fv2%2Fmedia&parent=979"}],"wp:term":[{"taxonomy":"category","embeddable":true,"href":"https:\/\/josvainiuparapija.lt\/index.php?rest_route=%2Fwp%2Fv2%2Fcategories&post=979"},{"taxonomy":"post_tag","embeddable":true,"href":"https:\/\/josvainiuparapija.lt\/index.php?rest_route=%2Fwp%2Fv2%2Ftags&post=979"}],"curies":[{"name":"wp","href":"https:\/\/api.w.org\/{rel}","templated":true}]}}